{"id":986,"count":1,"description":"","link":"https:\/\/wearprof.com\/ar\/tag\/erkekler-ve-kadinlar-icin-medikal-giysileri-ar\/","name":"Erkekler ve Kad\u0131nlar \u0130\u00e7in Medikal Giysileri","slug":"erkekler-ve-kadinlar-icin-medikal-giysileri-ar","taxonomy":"post_tag","meta":[],"_links":{"self":[{"href":"https:\/\/wearprof.com\/ar\/wp-json\/wp\/v2\/tags\/986","targetHints":{"allow":["GET"]}}],"collection":[{"href":"https:\/\/wearprof.com\/ar\/wp-json\/wp\/v2\/tags"}],"about":[{"href":"https:\/\/wearprof.com\/ar\/wp-json\/wp\/v2\/taxonomies\/post_tag"}],"wp:post_type":[{"href":"https:\/\/wearprof.com\/ar\/wp-json\/wp\/v2\/posts?tags=986"}],"curies":[{"name":"wp","href":"https:\/\/api.w.org\/{rel}","templated":true}]}}